{"id":3108,"date":"2024-11-04T10:16:50","date_gmt":"2024-11-04T02:16:50","guid":{"rendered":"https:\/\/taiteleather.com\/?p=3108"},"modified":"2025-06-06T15:38:25","modified_gmt":"2025-06-06T07:38:25","slug":"what-is-recycled-leather","status":"publish","type":"post","link":"https:\/\/taiteleather.com\/tr\/what-is-recycled-leather\/","title":{"rendered":"Geri D\u00f6n\u00fc\u015ft\u00fcr\u00fclm\u00fc\u015f Deri Nedir"},"content":{"rendered":"<div data-elementor-type=\"wp-post\" data-elementor-id=\"3108\" class=\"elementor elementor-3108\" data-elementor-post-type=\"post\">\n\t\t\t\t<div class=\"elementor-element elementor-element-0dc3578 e-flex e-con-boxed e-con e-parent\" data-id=\"0dc3578\" data-element_type=\"container\" data-e-type=\"container\">\n\t\t\t\t\t<div class=\"e-con-inner\">\n\t\t\t\t<div class=\"elementor-element elementor-element-d998d77 elementor-widget elementor-widget-image\" data-id=\"d998d77\" data-element_type=\"widget\" data-e-type=\"widget\" data-widget_type=\"image.default\">\n\t\t\t\t\t\t\t\t\t\t\t\t\t\t\t<img fetchpriority=\"high\" decoding=\"async\" width=\"600\" height=\"400\" src=\"https:\/\/taiteleather.com\/wp-content\/uploads\/2024\/11\/what-is-recycled-leather.jpg\" class=\"attachment-large size-large wp-image-3133\" alt=\"geri\u0307 d\u00f6n\u00fc\u015ft\u00fcr\u00fclm\u00fc\u015f deri\u0307 nedi\u0307r\" srcset=\"https:\/\/taiteleather.com\/wp-content\/uploads\/2024\/11\/what-is-recycled-leather.jpg.webp 600w, https:\/\/taiteleather.com\/wp-content\/uploads\/2024\/11\/what-is-recycled-leather-300x200.jpg.webp 300w\" sizes=\"(max-width: 600px) 100vw, 600px\" \/>\t\t\t\t\t\t\t\t\t\t\t\t\t\t\t<\/div>\n\t\t\t\t<div class=\"elementor-element elementor-element-3e43aaa elementor-widget elementor-widget-text-editor\" data-id=\"3e43aaa\" data-element_type=\"widget\" data-e-type=\"widget\" data-widget_type=\"text-editor.default\">\n\t\t\t\t\t\t\t\t\t<p>Who knew that your next handbag or sofa could have once been destined for the trash heap? That\u2019s right\u2014what was once a pile of discarded leather offcuts is now the latest darling of eco-conscious fashionistas. Welcome to the world of&nbsp;<a href=\"https:\/\/taiteleather.com\/tr\/leather-fabric\/pu-leather\/recycled-leather\/\" target=\"_blank\">recycled leather<\/a>, where waste meets wonder, and leather gets a second chance at life! It\u2019s the material makeover we never saw coming, transforming what we usually toss out into something we proudly wear, sit on, and admire. If you\u2019re ready to discover how recycled leather is turning the fashion industry upside down (in the best possible way), buckle up for an eco-friendly adventure that\u2019s all about making style sustainable.<\/p>\t\t\t\t\t\t\t\t<\/div>\n\t\t\t\t<div class=\"elementor-element elementor-element-d8f2cf2 elementor-widget elementor-widget-heading\" data-id=\"d8f2cf2\" data-element_type=\"widget\" data-e-type=\"widget\" data-widget_type=\"heading.default\">\n\t\t\t\t\t<h2 class=\"elementor-heading-title elementor-size-default\">Geri D\u00f6n\u00fc\u015ft\u00fcr\u00fclm\u00fc\u015f Deri A\u00e7\u0131\u011fa \u00c7\u0131kt\u0131: Etik Modan\u0131n Gelece\u011fi<\/h2>\t\t\t\t<\/div>\n\t\t\t\t<div class=\"elementor-element elementor-element-3bcd9ed elementor-widget elementor-widget-text-editor\" data-id=\"3bcd9ed\" data-element_type=\"widget\" data-e-type=\"widget\" data-widget_type=\"text-editor.default\">\n\t\t\t\t\t\t\t\t\t<p>Moda end\u00fcstrisi s\u00fcrd\u00fcr\u00fclebilirli\u011fe giderek daha fazla \u00f6ncelik verirken, geri d\u00f6n\u00fc\u015ft\u00fcr\u00fclm\u00fc\u015f deri etik modan\u0131n temel ta\u015flar\u0131ndan biri olarak ortaya \u00e7\u0131km\u0131\u015ft\u0131r. Geleneksel deri \u00fcretimi, ormans\u0131zla\u015fma, su kirlili\u011fi ve hayvan refah\u0131 endi\u015feleri de dahil olmak \u00fczere \u00f6nemli \u00e7evresel ve etik etkileri nedeniyle uzun s\u00fcredir ele\u015ftirilmektedir. Moda markalar\u0131 geri d\u00f6n\u00fc\u015ft\u00fcr\u00fclm\u00fc\u015f deri kullanarak ekolojik ayak izlerini b\u00fcy\u00fck \u00f6l\u00e7\u00fcde azaltabilir. Bu malzeme, tasar\u0131mc\u0131lar\u0131n yeni hammaddelere ihtiya\u00e7 duymadan l\u00fcks \u00fcr\u00fcnler yaratmas\u0131na olanak tan\u0131yarak etik t\u00fcketime y\u00f6nelik artan taleple uyum sa\u011fl\u0131yor. Modan\u0131n \u00f6nc\u00fcs\u00fc t\u00fcketiciler, sorumlu \u00fcretim uygulamalar\u0131n\u0131 desteklerken \u015f\u0131k kalman\u0131n bir yolu olarak geri d\u00f6n\u00fc\u015ft\u00fcr\u00fclm\u00fc\u015f deriyi benimsiyor. Bu, s\u00fcrd\u00fcr\u00fclebilirlik ve stilin el ele gitti\u011fi daha vicdanl\u0131 bir end\u00fcstriye do\u011fru bir ge\u00e7i\u015fi temsil ediyor.<\/p>\t\t\t\t\t\t\t\t<\/div>\n\t\t\t\t<div class=\"elementor-element elementor-element-9547bc1 elementor-widget elementor-widget-heading\" data-id=\"9547bc1\" data-element_type=\"widget\" data-e-type=\"widget\" data-widget_type=\"heading.default\">\n\t\t\t\t\t<h2 class=\"elementor-heading-title elementor-size-default\">Deri At\u0131klar Nas\u0131l \u0130kinci Bir Ya\u015fam Kazan\u0131yor? Geri D\u00f6n\u00fc\u015ft\u00fcr\u00fclm\u00fc\u015f Devrim<\/h2>\t\t\t\t<\/div>\n\t\t\t\t<div class=\"elementor-element elementor-element-7bd212a elementor-widget elementor-widget-text-editor\" data-id=\"7bd212a\" data-element_type=\"widget\" data-e-type=\"widget\" data-widget_type=\"text-editor.default\">\n\t\t\t\t\t\t\t\t\t<p>Derinin geri d\u00f6n\u00fc\u015f\u00fcm\u00fc, at\u0131k y\u00f6netiminde bir devrimdir ve at\u0131lan malzemeleri de\u011ferli kaynaklara d\u00f6n\u00fc\u015ft\u00fcr\u00fcr. Deri end\u00fcstrisi, k\u0131rp\u0131nt\u0131lardan kusurlu derilere kadar, geleneksel olarak \u00e7\u00f6pl\u00fcklerde son bulacak \u00f6nemli miktarda at\u0131k \u00fcretmektedir. Geri d\u00f6n\u00fc\u015f\u00fcm giri\u015fimlerinin artmas\u0131yla birlikte, bu malzemeler art\u0131k toplan\u0131yor ve geri d\u00f6n\u00fc\u015ft\u00fcr\u00fclm\u00fc\u015f deri olarak yeniden tasarlan\u0131yor. S\u00fcre\u00e7, deri art\u0131klar\u0131n\u0131n ince lifler halinde \u00f6\u011f\u00fct\u00fclmesini ve ard\u0131ndan yeni bir malzeme olu\u015fturmak i\u00e7in do\u011fal veya sentetik ba\u011flay\u0131c\u0131larla birle\u015ftirilmesini i\u00e7eriyor. Bu yakla\u015f\u0131m kaynaklar\u0131 korur, deri \u00fcretiminin \u00e7evresel etkisini azalt\u0131r ve at\u0131klar\u0131n en aza indirildi\u011fi ve \u00fcr\u00fcnlerin ya\u015fam d\u00f6ng\u00fclerinin uzat\u0131ld\u0131\u011f\u0131 d\u00f6ng\u00fcsel bir ekonomiyi te\u015fvik eder. Geri d\u00f6n\u00fc\u015ft\u00fcr\u00fclm\u00fc\u015f deri devrimi sadece s\u00fcrd\u00fcr\u00fclebilir bir \u00fcr\u00fcn yaratmakla ilgili de\u011fil, ayn\u0131 zamanda end\u00fcstrilerin at\u0131klar\u0131 y\u00f6netme \u015feklini d\u00f6n\u00fc\u015ft\u00fcrmekle ve \u00e7evre dostu alternatiflerin geleneksel benzerleri kadar i\u015flevsel ve g\u00fczel olabilece\u011fini kan\u0131tlamakla ilgilidir.<\/p>\t\t\t\t\t\t\t\t<\/div>\n\t\t\t\t<div class=\"elementor-element elementor-element-9109043 elementor-widget elementor-widget-heading\" data-id=\"9109043\" data-element_type=\"widget\" data-e-type=\"widget\" data-widget_type=\"heading.default\">\n\t\t\t\t\t<h2 class=\"elementor-heading-title elementor-size-default\">Deriyi Yeniden Tan\u0131mlamak: Geri D\u00f6n\u00fc\u015ft\u00fcr\u00fclm\u00fc\u015f Versiyona Giri\u015f<\/h2>\t\t\t\t<\/div>\n\t\t\t\t<div class=\"elementor-element elementor-element-6778172 elementor-widget elementor-widget-text-editor\" data-id=\"6778172\" data-element_type=\"widget\" data-e-type=\"widget\" data-widget_type=\"text-editor.default\">\n\t\t\t\t\t\t\t\t\t<p>Geri d\u00f6n\u00fc\u015ft\u00fcr\u00fclm\u00fc\u015f deri, malzemenin \u00fcretim s\u00fcrecini yeniden tan\u0131mlayarak geleneksel deri anlay\u0131\u015f\u0131m\u0131za meydan okuyor. \u0130nsanlar\u0131n ger\u00e7ek deride sevdi\u011fi nitelikleri (dayan\u0131kl\u0131l\u0131\u011f\u0131, dokusu ve klasik esteti\u011fi) s\u00fcrd\u00fcr\u00fclebilirli\u011fin faydalar\u0131yla birle\u015ftiriyor. Genellikle petrol bazl\u0131 \u00fcr\u00fcnlerden yap\u0131lan sentetik derinin aksine, geri d\u00f6n\u00fc\u015ft\u00fcr\u00fclm\u00fc\u015f deri do\u011fal malzemelere dayan\u0131r. Sadece yeni hayvan derilerine olan talebi azaltmakla kalmaz, ayn\u0131 zamanda tabaklama i\u015flemleriyle ili\u015fkili kimyasal, su ve enerji kullan\u0131m\u0131n\u0131 da en aza indirir. Geri d\u00f6n\u00fc\u015ft\u00fcr\u00fclm\u00fc\u015f deri, deriyi takdir eden ancak \u00e7evresel ve etik etkilerinin bilincinde olanlara sorumlu bir alternatif sunuyor. Moda, i\u015flev ve s\u00fcrd\u00fcr\u00fclebilirli\u011fi bir araya getiren malzeme biliminde yenilik\u00e7i bir \u00e7\u00f6z\u00fcm olarak t\u00fcketicilere de\u011ferlerini yans\u0131tan bir se\u00e7enek sunmaktad\u0131r.<\/p>\t\t\t\t\t\t\t\t<\/div>\n\t\t\t\t<div class=\"elementor-element elementor-element-c00e65e elementor-widget elementor-widget-heading\" data-id=\"c00e65e\" data-element_type=\"widget\" data-e-type=\"widget\" data-widget_type=\"heading.default\">\n\t\t\t\t\t<h2 class=\"elementor-heading-title elementor-size-default\">At\u0131ktan Harikaya: Geri D\u00f6n\u00fc\u015ft\u00fcr\u00fclm\u00fc\u015f Deriyi Anlamak<\/h2>\t\t\t\t<\/div>\n\t\t\t\t<div class=\"elementor-element elementor-element-871e651 elementor-widget elementor-widget-text-editor\" data-id=\"871e651\" data-element_type=\"widget\" data-e-type=\"widget\" data-widget_type=\"text-editor.default\">\n\t\t\t\t\t\t\t\t\t<p>Geri d\u00f6n\u00fc\u015ft\u00fcr\u00fclm\u00fc\u015f deri, moda, mobilya ve otomotiv sekt\u00f6rleri de dahil olmak \u00fczere \u00e7e\u015fitli deri end\u00fcstrilerinden elde edilen at\u0131k olarak yolculu\u011funa ba\u015flar. Bu art\u0131k malzemelere, aksi takdirde at\u0131lacak olanlar\u0131 yeni ve i\u015flevsel bir \u00fcr\u00fcne d\u00f6n\u00fc\u015ft\u00fcren bir d\u00f6n\u00fc\u015f\u00fcm s\u00fcreciyle ikinci bir hayat verilir. Geri d\u00f6n\u00fc\u015ft\u00fcr\u00fclm\u00fc\u015f derinin \u00fcretim s\u00fcreci, geleneksel i\u015f\u00e7ilik ve modern teknolojinin bir kombinasyonudur; deri art\u0131klar\u0131n\u0131 liflere ay\u0131r\u0131r ve bu lifler daha sonra i\u015flenmemi\u015f deriye dayan\u0131kl\u0131, \u00e7ok y\u00f6nl\u00fc bir alternatif olu\u015fturmak i\u00e7in di\u011fer malzemelerle yeniden birle\u015ftirilir. Bu yenilik\u00e7i y\u00f6ntem, geri d\u00f6n\u00fc\u015ft\u00fcr\u00fclm\u00fc\u015f derinin dokusu ve esnekli\u011fi gibi geleneksel deriyi \u00e7ekici k\u0131lan \u00f6zelliklerin \u00e7o\u011funu korumas\u0131n\u0131 sa\u011flarken, deri \u00fcretiminin neden oldu\u011fu \u00e7evresel y\u00fck\u00fc de azalt\u0131yor. At\u0131klar\u0131 de\u011ferli bir \u015feye d\u00f6n\u00fc\u015ft\u00fcrme yetene\u011fi, modern end\u00fcstriler i\u00e7in ileri g\u00f6r\u00fc\u015fl\u00fc bir malzeme olarak geri d\u00f6n\u00fc\u015ft\u00fcr\u00fclm\u00fc\u015f derinin potansiyelini \u00f6rneklemektedir.<\/p>\t\t\t\t\t\t\t\t<\/div>\n\t\t\t\t<div class=\"elementor-element elementor-element-9f612d6 elementor-widget elementor-widget-heading\" data-id=\"9f612d6\" data-element_type=\"widget\" data-e-type=\"widget\" data-widget_type=\"heading.default\">\n\t\t\t\t\t<h2 class=\"elementor-heading-title elementor-size-default\">Tarzda S\u00fcrd\u00fcr\u00fclebilirlik: Geri D\u00f6n\u00fc\u015ft\u00fcr\u00fclm\u00fc\u015f Deri Hakk\u0131nda Bilmeniz Gerekenler<\/h2>\t\t\t\t<\/div>\n\t\t\t\t<div class=\"elementor-element elementor-element-9de869a elementor-widget elementor-widget-text-editor\" data-id=\"9de869a\" data-element_type=\"widget\" data-e-type=\"widget\" data-widget_type=\"text-editor.default\">\n\t\t\t\t\t\t\t\t\t<p>Geri d\u00f6n\u00fc\u015ft\u00fcr\u00fclm\u00fc\u015f deri, geleneksel deri \u00fcretiminin yaratt\u0131\u011f\u0131 \u00e7evresel zorluklara kar\u015f\u0131 \u015f\u0131k ve s\u00fcrd\u00fcr\u00fclebilir bir \u00e7\u00f6z\u00fcm sunmaktad\u0131r. Genellikle petrol bazl\u0131 \u00fcr\u00fcnlere dayanan sentetik derinin aksine, geri d\u00f6n\u00fc\u015ft\u00fcr\u00fclm\u00fc\u015f deri daha do\u011fal ve \u00e7evre dostu bir se\u00e7imdir. Deri art\u0131klar\u0131n\u0131n yeniden kullan\u0131lmas\u0131yla, taze hayvan derilerine olan ihtiya\u00e7 azal\u0131r ve ormans\u0131zla\u015fma ve sera gaz\u0131 emisyonlar\u0131 gibi s\u0131\u011f\u0131r yeti\u015ftiricili\u011fiyle ili\u015fkili zararl\u0131 etkiler en aza indirilir. Ayr\u0131ca, geri d\u00f6n\u00fc\u015ft\u00fcr\u00fclm\u00fc\u015f deri i\u015flemi, geleneksel tabaklama y\u00f6ntemlerine g\u00f6re daha az su ve daha az kimyasal gerektirdi\u011finden, genel olarak daha s\u00fcrd\u00fcr\u00fclebilir bir se\u00e7enek haline geliyor. Etik ve \u00e7evre dostu moda veya mobilya se\u00e7enekleri arayan t\u00fcketiciler, daha sa\u011fl\u0131kl\u0131 bir gezegene katk\u0131da bulunurken stilden \u00f6d\u00fcn vermeyen \u00fcr\u00fcnler i\u00e7in geri d\u00f6n\u00fc\u015ft\u00fcr\u00fclm\u00fc\u015f deriye y\u00f6nelebilirler. Daha fazla sekt\u00f6r bu malzemeyi benimsedik\u00e7e, \u00fcretimde daha sorumlu ve bilin\u00e7li bir yakla\u015f\u0131m\u0131n \u00f6n\u00fc a\u00e7\u0131l\u0131yor.<\/p>\t\t\t\t\t\t\t\t<\/div>\n\t\t\t\t<div class=\"elementor-element elementor-element-3916a9a elementor-widget elementor-widget-heading\" data-id=\"3916a9a\" data-element_type=\"widget\" data-e-type=\"widget\" data-widget_type=\"heading.default\">\n\t\t\t\t\t<h2 class=\"elementor-heading-title elementor-size-default\">\u00c7evre Dostu Alternatif: Geri D\u00f6n\u00fc\u015ft\u00fcr\u00fclm\u00fc\u015f Deriye Daha Yak\u0131ndan Bak\u0131\u015f<\/h2>\t\t\t\t<\/div>\n\t\t\t\t<div class=\"elementor-element elementor-element-d8ad9f9 elementor-widget elementor-widget-text-editor\" data-id=\"d8ad9f9\" data-element_type=\"widget\" data-e-type=\"widget\" data-widget_type=\"text-editor.default\">\n\t\t\t\t\t\t\t\t\t<p>Geri d\u00f6n\u00fc\u015ft\u00fcr\u00fclm\u00fc\u015f deri, malzeme d\u00fcnyas\u0131nda h\u0131zla \u00e7evre dostu bir alternatif haline geliyor. Cazibesi, geleneksel derinin l\u00fcks hissini ve dayan\u0131kl\u0131l\u0131\u011f\u0131n\u0131 \u00f6nemli \u00f6l\u00e7\u00fcde daha d\u00fc\u015f\u00fck \u00e7evresel ayak izi ile birle\u015ftirme yetene\u011finde yatmaktad\u0131r. Geri d\u00f6n\u00fc\u015ft\u00fcr\u00fclm\u00fc\u015f derinin \u00fcretim s\u00fcreci, y\u00fcksek kaynak t\u00fcketimi ve kirlili\u011fi ile bilinen kapsaml\u0131 hayvan yeti\u015ftiricili\u011fi ve kimyasal a\u011f\u0131rl\u0131kl\u0131 tabaklama i\u015flemlerine olan ihtiyac\u0131 ortadan kald\u0131r\u0131r. Bunun yerine, geri d\u00f6n\u00fc\u015ft\u00fcr\u00fclm\u00fc\u015f deri, aksi takdirde \u00e7\u00f6pl\u00fcklerde son bulacak olan malzemeleri kullan\u0131r ve bunlar\u0131 moda aksesuarlar\u0131ndan otomotiv i\u00e7 mekanlar\u0131na kadar her \u015feyde kullan\u0131labilecek y\u00fcksek kaliteli \u00fcr\u00fcnlere d\u00f6n\u00fc\u015ft\u00fcr\u00fcr. Bu sadece at\u0131klar\u0131n azalt\u0131lmas\u0131na yard\u0131mc\u0131 olmakla kalmaz, ayn\u0131 zamanda su ve enerji gibi de\u011ferli do\u011fal kaynaklar\u0131 da korur. S\u00fcrd\u00fcr\u00fclebilirli\u011fin t\u00fcketici tercihlerinde \u00f6n planda oldu\u011fu g\u00fcn\u00fcm\u00fczde, geri d\u00f6n\u00fc\u015ft\u00fcr\u00fclm\u00fc\u015f deri hem estetik \u00e7ekicili\u011fi hem de i\u015flevsel performans\u0131 koruyan su\u00e7luluk duymayan bir alternatif sunuyor. Bu, t\u00fcketicilerin kalite ve tasar\u0131m taleplerini kar\u015f\u0131lamaya devam ederken \u00e7evresel etkilerini azaltmak isteyen end\u00fcstriler i\u00e7in ileriye do\u011fru at\u0131lm\u0131\u015f bir ad\u0131m\u0131 temsil etmektedir.<\/p>\t\t\t\t\t\t\t\t<\/div>\n\t\t\t\t<div class=\"elementor-element elementor-element-f675147 elementor-widget elementor-widget-heading\" data-id=\"f675147\" data-element_type=\"widget\" data-e-type=\"widget\" data-widget_type=\"heading.default\">\n\t\t\t\t\t<h2 class=\"elementor-heading-title elementor-size-default\">Sonu\u00e7: Derinin \u0130kinci Perdesi-S\u00fcrd\u00fcr\u00fclebilir Bir Y\u0131ld\u0131z Do\u011fuyor<\/h2>\t\t\t\t<\/div>\n\t\t\t\t<div class=\"elementor-element elementor-element-142b5c3 elementor-widget elementor-widget-text-editor\" data-id=\"142b5c3\" data-element_type=\"widget\" data-e-type=\"widget\" data-widget_type=\"text-editor.default\">\n\t\t\t\t\t\t\t\t\t<p>Her se\u00e7imin \u00f6nemli oldu\u011fu bir d\u00fcnyada geri d\u00f6n\u00fc\u015ft\u00fcr\u00fclm\u00fc\u015f deri, l\u00fcks ve s\u00fcrd\u00fcr\u00fclebilirli\u011fin yaln\u0131zca bir arada var olabilece\u011fini de\u011fil, ayn\u0131 zamanda birlikte geli\u015febilece\u011fini de kan\u0131tl\u0131yor. At\u0131klar\u0131 al\u0131p \u015f\u0131k ve dayan\u0131kl\u0131 bir malzemeye d\u00f6n\u00fc\u015ft\u00fcren geri d\u00f6n\u00fc\u015ft\u00fcr\u00fclm\u00fc\u015f deri, modaya uygun ve sorumlu olman\u0131n ne anlama geldi\u011fini yeniden tan\u0131mlamam\u0131z\u0131 sa\u011fl\u0131yor. \u00c7evresel etkimizi azaltmaktan d\u00f6ng\u00fcsel bir ekonomiyi desteklemeye kadar, bu yenilik\u00e7i malzeme etik se\u00e7imlerin art\u0131k istisna de\u011fil kural oldu\u011fu bir gelecek sunuyor. Bu nedenle, bir dahaki sefere \u015f\u0131k bir el \u00e7antas\u0131na veya \u015f\u0131k bir kanepeye bakt\u0131\u011f\u0131n\u0131zda, unutmay\u0131n: bu sadece deriden daha fazlas\u0131d\u0131r - at\u0131kta bir devrim, s\u00fcrd\u00fcr\u00fclebilirlik i\u00e7in bir \u015fampiyon ve malzemelere ikinci bir hayat vermenin g\u00fcc\u00fcn\u00fcn bir kan\u0131t\u0131d\u0131r. Sonu\u00e7ta, kim demi\u015f \u00e7evre dostu ayn\u0131 zamanda muhte\u015fem olamaz diye?<\/p>\t\t\t\t\t\t\t\t<\/div>\n\t\t\t\t\t<\/div>\n\t\t\t\t<\/div>\n\t\t\t\t<\/div>","protected":false},"excerpt":{"rendered":"<p>Who knew that your next handbag or sofa could have once been destined for the trash heap? That\u2019s right\u2014what was once a pile of discarded leather offcuts is now the latest darling of eco-conscious fashionistas. Welcome to the world of&nbsp;recycled leather, where waste meets wonder, and leather gets a second chance at life! It\u2019s the [&hellip;]<\/p>\n","protected":false},"author":1,"featured_media":3133,"comment_status":"closed","ping_status":"open","sticky":false,"template":"","format":"standard","meta":{"footnotes":""},"categories":[39],"tags":[40],"class_list":["post-3108","post","type-post","status-publish","format-standard","has-post-thumbnail","hentry","category-recycled-leather-blog","tag-recycled-leather-knowledge"],"_links":{"self":[{"href":"https:\/\/taiteleather.com\/tr\/wp-json\/wp\/v2\/posts\/3108","targetHints":{"allow":["GET"]}}],"collection":[{"href":"https:\/\/taiteleather.com\/tr\/wp-json\/wp\/v2\/posts"}],"about":[{"href":"https:\/\/taiteleather.com\/tr\/wp-json\/wp\/v2\/types\/post"}],"author":[{"embeddable":true,"href":"https:\/\/taiteleather.com\/tr\/wp-json\/wp\/v2\/users\/1"}],"replies":[{"embeddable":true,"href":"https:\/\/taiteleather.com\/tr\/wp-json\/wp\/v2\/comments?post=3108"}],"version-history":[{"count":10,"href":"https:\/\/taiteleather.com\/tr\/wp-json\/wp\/v2\/posts\/3108\/revisions"}],"predecessor-version":[{"id":5193,"href":"https:\/\/taiteleather.com\/tr\/wp-json\/wp\/v2\/posts\/3108\/revisions\/5193"}],"wp:featuredmedia":[{"embeddable":true,"href":"https:\/\/taiteleather.com\/tr\/wp-json\/wp\/v2\/media\/3133"}],"wp:attachment":[{"href":"https:\/\/taiteleather.com\/tr\/wp-json\/wp\/v2\/media?parent=3108"}],"wp:term":[{"taxonomy":"category","embeddable":true,"href":"https:\/\/taiteleather.com\/tr\/wp-json\/wp\/v2\/categories?post=3108"},{"taxonomy":"post_tag","embeddable":true,"href":"https:\/\/taiteleather.com\/tr\/wp-json\/wp\/v2\/tags?post=3108"}],"curies":[{"name":"wp","href":"https:\/\/api.w.org\/{rel}","templated":true}]}}