{"id":3071,"date":"2024-11-01T09:28:20","date_gmt":"2024-11-01T01:28:20","guid":{"rendered":"https:\/\/taiteleather.com\/?p=3071"},"modified":"2025-06-06T11:26:11","modified_gmt":"2025-06-06T03:26:11","slug":"is-recycled-leather-real-leather","status":"publish","type":"post","link":"https:\/\/taiteleather.com\/tr\/is-recycled-leather-real-leather\/","title":{"rendered":"Geri D\u00f6n\u00fc\u015ft\u00fcr\u00fclm\u00fc\u015f Deri Ger\u00e7ek Deri midir?"},"content":{"rendered":"<div data-elementor-type=\"wp-post\" data-elementor-id=\"3071\" class=\"elementor elementor-3071\" data-elementor-post-type=\"post\">\n\t\t\t\t<div class=\"elementor-element elementor-element-8d66ef5 e-flex e-con-boxed e-con e-parent\" data-id=\"8d66ef5\" data-element_type=\"container\" data-e-type=\"container\">\n\t\t\t\t\t<div class=\"e-con-inner\">\n\t\t\t\t<div class=\"elementor-element elementor-element-8c5ecfa elementor-widget elementor-widget-image\" data-id=\"8c5ecfa\" data-element_type=\"widget\" data-e-type=\"widget\" data-widget_type=\"image.default\">\n\t\t\t\t\t\t\t\t\t\t\t\t\t\t\t<img fetchpriority=\"high\" decoding=\"async\" width=\"640\" height=\"280\" src=\"https:\/\/taiteleather.com\/wp-content\/uploads\/2024\/11\/is-recycled-leather-real-leather.jpg\" class=\"attachment-large size-large wp-image-3092\" alt=\"geri d\u00f6n\u00fc\u015ft\u00fcr\u00fclm\u00fc\u015f deri ger\u00e7ek deri midir\" srcset=\"https:\/\/taiteleather.com\/wp-content\/uploads\/2024\/11\/is-recycled-leather-real-leather.jpg.webp 640w, https:\/\/taiteleather.com\/wp-content\/uploads\/2024\/11\/is-recycled-leather-real-leather-300x131.jpg.webp 300w\" sizes=\"(max-width: 640px) 100vw, 640px\" \/>\t\t\t\t\t\t\t\t\t\t\t\t\t\t\t<\/div>\n\t\t\t\t<div class=\"elementor-element elementor-element-b8d5ec1 elementor-widget elementor-widget-text-editor\" data-id=\"b8d5ec1\" data-element_type=\"widget\" data-e-type=\"widget\" data-widget_type=\"text-editor.default\">\n\t\t\t\t\t\t\t\t\t<p>Is <a href=\"https:\/\/taiteleather.com\/tr\/leather-fabric\/pu-leather\/recycled-leather\/\">recycled leather<\/a> the real deal, or is it just trying to fake it \u2019til it makes it? Well, imagine if your favorite leather jacket went on a little adventure, got cut up into tiny pieces, and came back reinvented\u2014but still with that unmistakable leather swagger. That\u2019s essentially what recycled leather is: part old-school authenticity, part modern eco-chic. Sure, it\u2019s been through a transformation (kind of like a leather phoenix rising from the scraps), but at its core, it\u2019s still the leather you know and love. So, the question is: does repurposing it into something new make it any less real? Let\u2019s break down whether recycled leather is truly leather, or just leather with a green twist!<\/p>\t\t\t\t\t\t\t\t<\/div>\n\t\t\t\t<div class=\"elementor-element elementor-element-06df9b9 elementor-widget elementor-widget-heading\" data-id=\"06df9b9\" data-element_type=\"widget\" data-e-type=\"widget\" data-widget_type=\"heading.default\">\n\t\t\t\t\t<h2 class=\"elementor-heading-title elementor-size-default\">Ger\u00e7ek ya da Yeniden Ke\u015ffedilmi\u015f: Geri D\u00f6n\u00fc\u015ft\u00fcr\u00fclm\u00fc\u015f Deri Hakk\u0131ndaki Ger\u00e7ekler<\/h2>\t\t\t\t<\/div>\n\t\t\t\t<div class=\"elementor-element elementor-element-70ab1b9 elementor-widget elementor-widget-text-editor\" data-id=\"70ab1b9\" data-element_type=\"widget\" data-e-type=\"widget\" data-widget_type=\"text-editor.default\">\n\t\t\t\t\t\t\t\t\t<p>Geri d\u00f6n\u00fc\u015ft\u00fcr\u00fclm\u00fc\u015f deri, \u00f6z\u00fcnde hala deridir, ancak bir de\u011fi\u015fiklikle. Geleneksel deri \u00fcretiminden arta kalan art\u0131klardan, kesilmi\u015f par\u00e7alardan ve at\u0131lm\u0131\u015f par\u00e7alardan yap\u0131l\u0131r. Bu deri par\u00e7alar\u0131 toplan\u0131r, lif haline getirilir ve ard\u0131ndan yeni bir malzeme olu\u015fturmak i\u00e7in do\u011fal veya sentetik ba\u011flay\u0131c\u0131larla birbirine ba\u011flan\u0131r. S\u00fcre\u00e7 ger\u00e7ek deri i\u00e7ermekle birlikte, liflerin yeniden \u015fekillendirilmesine ve ba\u011flanmas\u0131na yard\u0131mc\u0131 olan deri olmayan bile\u015fenleri de i\u00e7erir. Dolay\u0131s\u0131yla geri d\u00f6n\u00fc\u015ft\u00fcr\u00fclm\u00fc\u015f deri, ger\u00e7ek deriden elde edildi\u011fi i\u00e7in \"ger\u00e7ek\" olarak kabul edilebilirken, ayn\u0131 zamanda onu el de\u011fmemi\u015f, tam damarl\u0131 deriden farkl\u0131 k\u0131lan bir i\u015flemle yeniden ke\u015ffedilir. \u00d6z\u00fcnde, geri d\u00f6n\u00fc\u015ft\u00fcr\u00fclm\u00fc\u015f deri eski ve yeninin bir kar\u0131\u015f\u0131m\u0131d\u0131r ve hakiki deriyi daha s\u00fcrd\u00fcr\u00fclebilir bir \u00fcretim y\u00f6ntemiyle birle\u015ftirir.<\/p>\t\t\t\t\t\t\t\t<\/div>\n\t\t\t\t<div class=\"elementor-element elementor-element-d669055 elementor-widget elementor-widget-heading\" data-id=\"d669055\" data-element_type=\"widget\" data-e-type=\"widget\" data-widget_type=\"heading.default\">\n\t\t\t\t\t<h2 class=\"elementor-heading-title elementor-size-default\">Bir \u0130simde Ne Var? Geri D\u00f6n\u00fc\u015ft\u00fcr\u00fclm\u00fc\u015f Deri Ger\u00e7e\u011fini A\u00e7\u0131\u011fa \u00c7\u0131karmak<\/h2>\t\t\t\t<\/div>\n\t\t\t\t<div class=\"elementor-element elementor-element-48a2862 elementor-widget elementor-widget-text-editor\" data-id=\"48a2862\" data-element_type=\"widget\" data-e-type=\"widget\" data-widget_type=\"text-editor.default\">\n\t\t\t\t\t\t\t\t\t<p>\"Geri d\u00f6n\u00fc\u015ft\u00fcr\u00fclm\u00fc\u015f deri\" terimi, hem \u00f6zg\u00fcnl\u00fck hem de d\u00f6n\u00fc\u015f\u00fcm anlam\u0131na geldi\u011fi i\u00e7in bazen kafa kar\u0131\u015ft\u0131r\u0131c\u0131 olabilir. Geri d\u00f6n\u00fc\u015ft\u00fcr\u00fclm\u00fc\u015f deri ger\u00e7ek deri lifleri i\u00e7ermekle birlikte, geleneksel deri ile ayn\u0131 de\u011fildir. Deri par\u00e7alan\u0131r ve yeniden olu\u015fturulur, bu nedenle el de\u011fmemi\u015f deri derileriyle ayn\u0131 tam damar dokusuna veya hissine sahip de\u011fildir. Bununla birlikte, geri d\u00f6n\u00fc\u015ft\u00fcr\u00fclm\u00fc\u015f deri, g\u00f6r\u00fcn\u00fcm\u00fc, hissi ve hatta kokusu gibi ger\u00e7ek derinin bir\u00e7ok arzu edilen \u00f6zelli\u011fini korur ve bu da onu bir\u00e7ok uygulamada uygulanabilir bir alternatif haline getirir. Geri d\u00f6n\u00fc\u015ft\u00fcr\u00fclm\u00fc\u015f deri ger\u00e7ek deriden elde edilse de, s\u00fcrd\u00fcr\u00fclebilirlik ile deriyi bu kadar aranan yapan l\u00fcks \u00f6zelliklerin baz\u0131lar\u0131n\u0131 korumak aras\u0131nda bir denge sunan kompozit bir malzeme oldu\u011funu anlamak \u00f6nemlidir.<\/p>\t\t\t\t\t\t\t\t<\/div>\n\t\t\t\t<div class=\"elementor-element elementor-element-f518187 elementor-widget elementor-widget-heading\" data-id=\"f518187\" data-element_type=\"widget\" data-e-type=\"widget\" data-widget_type=\"heading.default\">\n\t\t\t\t\t<h2 class=\"elementor-heading-title elementor-size-default\">\u00d6z\u00fcnde Deri: Geri D\u00f6n\u00fc\u015ft\u00fcr\u00fclm\u00fc\u015f Derinin Yap\u0131s\u0131n\u0131 Anlamak<\/h2>\t\t\t\t<\/div>\n\t\t\t\t<div class=\"elementor-element elementor-element-798ccd6 elementor-widget elementor-widget-text-editor\" data-id=\"798ccd6\" data-element_type=\"widget\" data-e-type=\"widget\" data-widget_type=\"text-editor.default\">\n\t\t\t\t\t\t\t\t\t<p>Geri d\u00f6n\u00fc\u015ft\u00fcr\u00fclm\u00fc\u015f derinin kalbinde hakiki deri liflerinden olu\u015fan bir \u00e7ekirdek bulunur. Geri d\u00f6n\u00fc\u015f\u00fcmde kullan\u0131lan deri art\u0131klar\u0131 genellikle geleneksel deri \u00fcr\u00fcnlerde kullan\u0131lamayacak kadar k\u00fc\u00e7\u00fck veya d\u00fczensizdir ancak yine de kendi ba\u015flar\u0131na de\u011ferlidir. Bu par\u00e7alar i\u015flenerek daha k\u00fc\u00e7\u00fck lifler haline getirilir ve bu lifler ba\u011flay\u0131c\u0131larla bir araya getirilerek yeni bir malzeme olu\u015fturulur. Bu i\u015flem derinin orijinal yap\u0131s\u0131n\u0131 de\u011fi\u015ftirse de, geri d\u00f6n\u00fc\u015ft\u00fcr\u00fclm\u00fc\u015f deriyi olu\u015fturan lifler hala ger\u00e7ek deri postlar\u0131ndan elde edildi\u011finden malzemeye otantik bir temel kazand\u0131r\u0131r. Son \u00fcr\u00fcn derinin \u00f6z\u00fcn\u00fcn \u00e7o\u011funu korur, ancak daha fazla esneklik ve \u00e7ok y\u00f6nl\u00fcl\u00fck ile mobilyadan moda aksesuarlar\u0131na kadar \u00e7ok \u00e7e\u015fitli kullan\u0131mlar i\u00e7in uygun hale gelir. Geri d\u00f6n\u00fc\u015ft\u00fcr\u00fclm\u00fc\u015f deri, de\u011fi\u015ftirilmemi\u015f tam damarl\u0131 deri ile ayn\u0131 olmayabilir, ancak \u00f6z\u00fcnde kesinlikle ger\u00e7ek deridir.<\/p>\t\t\t\t\t\t\t\t<\/div>\n\t\t\t\t<div class=\"elementor-element elementor-element-29d19b0 elementor-widget elementor-widget-heading\" data-id=\"29d19b0\" data-element_type=\"widget\" data-e-type=\"widget\" data-widget_type=\"heading.default\">\n\t\t\t\t\t<h2 class=\"elementor-heading-title elementor-size-default\">Geri D\u00f6n\u00fc\u015ft\u00fcr\u00fclm\u00fc\u015f Deri: Otantik Malzeme mi Taklit mi?<\/h2>\t\t\t\t<\/div>\n\t\t\t\t<div class=\"elementor-element elementor-element-0bff2e0 elementor-widget elementor-widget-text-editor\" data-id=\"0bff2e0\" data-element_type=\"widget\" data-e-type=\"widget\" data-widget_type=\"text-editor.default\">\n\t\t\t\t\t\t\t\t\t<p>\"Geri d\u00f6n\u00fc\u015ft\u00fcr\u00fclm\u00fc\u015f deri\" terimini duydu\u011funuzda, bunun sentetik veya taklit bir \u00fcr\u00fcn olabilece\u011fini d\u00fc\u015f\u00fcnmek kolayd\u0131r. Ancak, geri d\u00f6n\u00fc\u015ft\u00fcr\u00fclm\u00fc\u015f deri sahte olmaktan \u00e7ok uzakt\u0131r. Genellikle deri end\u00fcstrisinden kesilen veya kullan\u0131lmayan art\u0131klardan toplanan ger\u00e7ek deri liflerinden olu\u015fur. Bu lifler i\u015flenir ve ba\u011flay\u0131c\u0131lar kullan\u0131larak birbirine ba\u011flan\u0131r, b\u00f6ylece ger\u00e7ek derinin dayan\u0131kl\u0131l\u0131k, doku ve g\u00f6rsel \u00e7ekicilik gibi temel \u00f6zelliklerini koruyan yeni bir malzeme olu\u015fturulur. Temel fark, geri d\u00f6n\u00fc\u015ft\u00fcr\u00fclm\u00fc\u015f derinin tek ve de\u011fi\u015ftirilmemi\u015f bir deri olmaktan ziyade yeniden yap\u0131land\u0131r\u0131lm\u0131\u015f olmas\u0131d\u0131r. Bir d\u00f6n\u00fc\u015f\u00fcm ge\u00e7irmi\u015f olsa da, temeli ger\u00e7ek deriye dayan\u0131r ve bu da onu malzemenin yeniden tasarlanm\u0131\u015f olsa da ger\u00e7ek bir versiyonu haline getirir.<\/p>\t\t\t\t\t\t\t\t<\/div>\n\t\t\t\t<div class=\"elementor-element elementor-element-5c468d1 elementor-widget elementor-widget-heading\" data-id=\"5c468d1\" data-element_type=\"widget\" data-e-type=\"widget\" data-widget_type=\"heading.default\">\n\t\t\t\t\t<h2 class=\"elementor-heading-title elementor-size-default\">Geri D\u00f6n\u00fc\u015ft\u00fcr\u00fclm\u00fc\u015f ve Hakiki Deri Aras\u0131ndaki \u0130nce \u00c7izgi<\/h2>\t\t\t\t<\/div>\n\t\t\t\t<div class=\"elementor-element elementor-element-63eb9bc elementor-widget elementor-widget-text-editor\" data-id=\"63eb9bc\" data-element_type=\"widget\" data-e-type=\"widget\" data-widget_type=\"text-editor.default\">\n\t\t\t\t\t\t\t\t\t<p>Geri d\u00f6n\u00fc\u015ft\u00fcr\u00fclm\u00fc\u015f deri ger\u00e7ek deriden elde edilse de, tam damarl\u0131 veya \u00fcst damarl\u0131 deri ile ayn\u0131 olmad\u0131\u011f\u0131n\u0131 bilmek \u00f6nemlidir. Hakiki deri, minimum d\u00fczeyde i\u015flenmi\u015f, do\u011fal damar ve dokusunun b\u00fcy\u00fck bir k\u0131sm\u0131 bozulmam\u0131\u015f derileri ifade eder. Buna kar\u015f\u0131l\u0131k, geri d\u00f6n\u00fc\u015ft\u00fcr\u00fclm\u00fc\u015f deri, par\u00e7alanm\u0131\u015f ve yeniden olu\u015fturulmu\u015f deri liflerinden yap\u0131l\u0131r. Bu i\u015flem, geri d\u00f6n\u00fc\u015ft\u00fcr\u00fclm\u00fc\u015f deriye farkl\u0131 bir his verir ve nas\u0131l \u00fcretildi\u011fine ba\u011fl\u0131 olarak esneklik ve dayan\u0131kl\u0131l\u0131k gibi \u00f6zellikleri biraz de\u011fi\u015ftirir. Geri d\u00f6n\u00fc\u015ft\u00fcr\u00fclm\u00fc\u015f ve hakiki deri aras\u0131ndaki \u00e7izgi ince ama \u00f6nemlidir: her ikisi de ger\u00e7ek deriden yap\u0131l\u0131r, ancak ilki daha kapsaml\u0131 bir i\u015fleme tabi tutulur. Bununla birlikte, geri d\u00f6n\u00fc\u015ft\u00fcr\u00fclm\u00fc\u015f deri, mukavemet ve estetik \u00e7ekicilik de dahil olmak \u00fczere hakiki deri ile ayn\u0131 faydalar\u0131n \u00e7o\u011funu sunmaktad\u0131r.<\/p>\t\t\t\t\t\t\t\t<\/div>\n\t\t\t\t<div class=\"elementor-element elementor-element-a8091f4 elementor-widget elementor-widget-heading\" data-id=\"a8091f4\" data-element_type=\"widget\" data-e-type=\"widget\" data-widget_type=\"heading.default\">\n\t\t\t\t\t<h2 class=\"elementor-heading-title elementor-size-default\">Yeniden Kullan\u0131lm\u0131\u015f L\u00fcks: Geri D\u00f6n\u00fc\u015ft\u00fcr\u00fclm\u00fc\u015f Deri Ger\u00e7ek Bir \u015eey Say\u0131l\u0131r m\u0131?<\/h2>\t\t\t\t<\/div>\n\t\t\t\t<div class=\"elementor-element elementor-element-d94196e elementor-widget elementor-widget-text-editor\" data-id=\"d94196e\" data-element_type=\"widget\" data-e-type=\"widget\" data-widget_type=\"text-editor.default\">\n\t\t\t\t\t\t\t\t\t<p>\u00c7evre dostu l\u00fcks arayanlar i\u00e7in geri d\u00f6n\u00fc\u015ft\u00fcr\u00fclm\u00fc\u015f deri cazip bir se\u00e7enek sunuyor. Ancak ger\u00e7ekten \"ger\u00e7ek\" deri say\u0131l\u0131r m\u0131? Cevap b\u00fcy\u00fck \u00f6l\u00e7\u00fcde \u00f6zg\u00fcnl\u00fc\u011f\u00fc nas\u0131l tan\u0131mlad\u0131\u011f\u0131n\u0131za ba\u011fl\u0131d\u0131r. Geri d\u00f6n\u00fc\u015ft\u00fcr\u00fclm\u00fc\u015f deri, otantik deri kal\u0131nt\u0131lar\u0131ndan yap\u0131ld\u0131\u011f\u0131 i\u00e7in geleneksel deri ile ayn\u0131 g\u00f6rsel ve dokunsal nitelikleri ta\u015f\u0131r. L\u00fcks bir his verir, a\u015f\u0131nma ve y\u0131pranmaya kar\u015f\u0131 iyi dayan\u0131r ve el \u00e7antalar\u0131, mobilyalar ve ayakkab\u0131lar gibi \u00fcst d\u00fczey \u00fcr\u00fcnlere d\u00f6n\u00fc\u015ft\u00fcr\u00fclebilir. Geri d\u00f6n\u00fc\u015ft\u00fcr\u00fclm\u00fc\u015f deri tam, i\u015flenmemi\u015f bir deri olmasa da, bile\u015fimi inkar edilemez bir \u015fekilde ger\u00e7ek deriye dayan\u0131r ve bu da onu suni deri gibi sentetik alternatiflerden daha otantik k\u0131lar. \u00d6z\u00fcnde, geri d\u00f6n\u00fc\u015ft\u00fcr\u00fclm\u00fc\u015f deri ger\u00e7ekten \"ger\u00e7ek\" olarak kabul edilebilir - sadece s\u00fcrd\u00fcr\u00fclebilirlik ek bonusu ile birlikte gelir.<\/p>\t\t\t\t\t\t\t\t<\/div>\n\t\t\t\t<div class=\"elementor-element elementor-element-e8f9988 elementor-widget elementor-widget-heading\" data-id=\"e8f9988\" data-element_type=\"widget\" data-e-type=\"widget\" data-widget_type=\"heading.default\">\n\t\t\t\t\t<h2 class=\"elementor-heading-title elementor-size-default\">Sonu\u00e7:<\/h2>\t\t\t\t<\/div>\n\t\t\t\t<div class=\"elementor-element elementor-element-f47caff elementor-widget elementor-widget-text-editor\" data-id=\"f47caff\" data-element_type=\"widget\" data-e-type=\"widget\" data-widget_type=\"text-editor.default\">\n\t\t\t\t\t\t\t\t\t<p>Geri d\u00f6n\u00fc\u015ft\u00fcr\u00fclm\u00fc\u015f derinin \"ger\u00e7ek\" deri olarak nitelendirilip nitelendirilmeyece\u011fi konusundaki tart\u0131\u015fmalarda a\u00e7\u0131k olan bir \u015fey var: deri d\u00fcnyas\u0131nda \u00f6zg\u00fcnl\u00fc\u011f\u00fc yenilikle harmanlayan benzersiz bir yere sahip. Geri d\u00f6n\u00fc\u015ft\u00fcr\u00fclm\u00fc\u015f deri, i\u015flenmemi\u015f tek bir post olmayabilir, ancak temelinin ger\u00e7ek deri liflerine dayand\u0131\u011f\u0131 inkar edilemez. Orijinal malzeme ve s\u00fcrd\u00fcr\u00fclebilir i\u015flemenin bu birle\u015fimi, geri d\u00f6n\u00fc\u015ft\u00fcr\u00fclm\u00fc\u015f derinin geleneksel derinin dayan\u0131kl\u0131l\u0131k, doku ve l\u00fcks gibi arzu edilen niteliklerinin \u00e7o\u011funu korumas\u0131n\u0131 sa\u011flarken, daha \u00e7evreye duyarl\u0131 bir se\u00e7im sunar. Sonu\u00e7 olarak, geri d\u00f6n\u00fc\u015ft\u00fcr\u00fclm\u00fc\u015f deri bir taklit de\u011fil; derinin ne olabilece\u011finin yeniden ke\u015ffedilmesidir ve s\u00fcrd\u00fcr\u00fclebilirlik ile \u00f6zg\u00fcnl\u00fc\u011f\u00fcn bir arada var olabilece\u011fini kan\u0131tlamaktad\u0131r. Bu nedenle, ger\u00e7ek deriye bir dokunu\u015f olsa da, geri d\u00f6n\u00fc\u015ft\u00fcr\u00fclm\u00fc\u015f deri hem l\u00fcks\u00fc hem de sorumlulu\u011fu tek bir \u00e7ekici pakette sunuyor.<\/p>\t\t\t\t\t\t\t\t<\/div>\n\t\t\t\t\t<\/div>\n\t\t\t\t<\/div>\n\t\t\t\t<\/div>","protected":false},"excerpt":{"rendered":"<p>Is recycled leather the real deal, or is it just trying to fake it &#8217;til it makes it? Well, imagine if your favorite leather jacket went on a little adventure, got cut up into tiny pieces, and came back reinvented\u2014but still with that unmistakable leather swagger. That\u2019s essentially what recycled leather is: part old-school authenticity, [&hellip;]<\/p>\n","protected":false},"author":1,"featured_media":3092,"comment_status":"closed","ping_status":"open","sticky":false,"template":"","format":"standard","meta":{"footnotes":""},"categories":[39],"tags":[40],"class_list":["post-3071","post","type-post","status-publish","format-standard","has-post-thumbnail","hentry","category-recycled-leather-blog","tag-recycled-leather-knowledge"],"_links":{"self":[{"href":"https:\/\/taiteleather.com\/tr\/wp-json\/wp\/v2\/posts\/3071","targetHints":{"allow":["GET"]}}],"collection":[{"href":"https:\/\/taiteleather.com\/tr\/wp-json\/wp\/v2\/posts"}],"about":[{"href":"https:\/\/taiteleather.com\/tr\/wp-json\/wp\/v2\/types\/post"}],"author":[{"embeddable":true,"href":"https:\/\/taiteleather.com\/tr\/wp-json\/wp\/v2\/users\/1"}],"replies":[{"embeddable":true,"href":"https:\/\/taiteleather.com\/tr\/wp-json\/wp\/v2\/comments?post=3071"}],"version-history":[{"count":10,"href":"https:\/\/taiteleather.com\/tr\/wp-json\/wp\/v2\/posts\/3071\/revisions"}],"predecessor-version":[{"id":5183,"href":"https:\/\/taiteleather.com\/tr\/wp-json\/wp\/v2\/posts\/3071\/revisions\/5183"}],"wp:featuredmedia":[{"embeddable":true,"href":"https:\/\/taiteleather.com\/tr\/wp-json\/wp\/v2\/media\/3092"}],"wp:attachment":[{"href":"https:\/\/taiteleather.com\/tr\/wp-json\/wp\/v2\/media?parent=3071"}],"wp:term":[{"taxonomy":"category","embeddable":true,"href":"https:\/\/taiteleather.com\/tr\/wp-json\/wp\/v2\/categories?post=3071"},{"taxonomy":"post_tag","embeddable":true,"href":"https:\/\/taiteleather.com\/tr\/wp-json\/wp\/v2\/tags?post=3071"}],"curies":[{"name":"wp","href":"https:\/\/api.w.org\/{rel}","templated":true}]}}